{"id":280,"date":"2024-08-30T10:48:01","date_gmt":"2024-08-30T08:48:01","guid":{"rendered":"https:\/\/entreterreetcielgannat.fr\/?p=280"},"modified":"2024-09-08T11:09:31","modified_gmt":"2024-09-08T09:09:31","slug":"participation-au-forum-des-associations-de-la-ville-de-gannat","status":"publish","type":"post","link":"https:\/\/entreterreetcielgannat.fr\/index.php\/2024\/08\/30\/participation-au-forum-des-associations-de-la-ville-de-gannat\/","title":{"rendered":"Participation au Forum des Associations de la Ville de Gannat"},"content":{"rendered":"\n<p class=\"has-text-align-center has-medium-font-size\">Le Samedi 07 septembre de 10H \u00e0 15 H<\/p>\n\n\n\n<p class=\"has-text-align-center has-medium-font-size\">Champ de Foire<\/p>\n\n\n\n<p>Les informations concernant cette manifestation sont pr\u00e9sent\u00e9es ici :<\/p>\n\n\n\n<p><a href=\"https:\/\/www.jds.fr\/manifestations\/forum-des-associations-523714_A#:~:text=Dates%20et%20horaires%20%3A,2024%20de%2010h%20\u00e0%2015h\">https:\/\/www.jds.fr\/manifestations\/forum-des-associations-523714_A#:~:text=Dates%20et%20horaires%20%3A,2024%20de%2010h%20\u00e0%2015h<\/a><\/p>\n\n\n\n<figure class=\"wp-block-gallery has-nested-images columns-default is-cropped wp-block-gallery-1 is-layout-flex wp-block-gallery-is-layout-flex\">\n<figure class=\"wp-block-image size-large\"><img loading=\"lazy\" decoding=\"async\" width=\"599\" height=\"799\" data-id=\"284\" src=\"https:\/\/entreterreetcielgannat.fr\/wp-content\/uploads\/2024\/09\/Forum-Assocaition-Gannat-2024-2.jpg\" alt=\"\" class=\"wp-image-284\" srcset=\"https:\/\/entreterreetcielgannat.fr\/wp-content\/uploads\/2024\/09\/Forum-Assocaition-Gannat-2024-2.jpg 599w, https:\/\/entreterreetcielgannat.fr\/wp-content\/uploads\/2024\/09\/Forum-Assocaition-Gannat-2024-2-225x300.jpg 225w\" sizes=\"auto, (max-width: 599px) 100vw, 599px\" \/><\/figure>\n\n\n\n<figure class=\"wp-block-image size-large\"><img loading=\"lazy\" decoding=\"async\" width=\"799\" height=\"599\" data-id=\"285\" src=\"https:\/\/entreterreetcielgannat.fr\/wp-content\/uploads\/2024\/09\/Forum-Association-Gannat-2024-1.jpg\" alt=\"\" class=\"wp-image-285\" srcset=\"https:\/\/entreterreetcielgannat.fr\/wp-content\/uploads\/2024\/09\/Forum-Association-Gannat-2024-1.jpg 799w, https:\/\/entreterreetcielgannat.fr\/wp-content\/uploads\/2024\/09\/Forum-Association-Gannat-2024-1-300x225.jpg 300w, https:\/\/entreterreetcielgannat.fr\/wp-content\/uploads\/2024\/09\/Forum-Association-Gannat-2024-1-768x576.jpg 768w\" sizes=\"auto, (max-width: 799px) 100vw, 799px\" \/><\/figure>\n<\/figure>\n","protected":false},"excerpt":{"rendered":"<p>Le Samedi 07 septembre de 10H \u00e0 15 H Champ de Foire Les informations concernant cette manifestation sont pr\u00e9sent\u00e9es ici : https:\/\/www.jds.fr\/manifestations\/forum-des-associations-523714_A#:~:text=Dates%20et%20horaires%20%3A,2024%20de%2010h%20\u00e0%2015h<\/p>\n","protected":false},"author":3,"featured_media":0,"comment_status":"open","ping_status":"open","sticky":false,"template":"","format":"standard","meta":{"footnotes":""},"categories":[7],"tags":[],"class_list":["post-280","post","type-post","status-publish","format-standard","hentry","category-articles-infos"],"yoast_head":"<!-- This site is optimized with the Yoast SEO plugin v27.3 - https:\/\/yoast.com\/product\/yoast-seo-wordpress\/ -->\n<title>Participation au Forum des Associations de la Ville de Gannat - ENTRE TERRE ET CIEL GANNAT<\/title>\n<meta name=\"robots\" content=\"index, follow, max-snippet:-1, max-image-preview:large, max-video-preview:-1\" \/>\n<link rel=\"canonical\" href=\"https:\/\/entreterreetcielgannat.fr\/index.php\/2024\/08\/30\/participation-au-forum-des-associations-de-la-ville-de-gannat\/\" \/>\n<meta property=\"og:locale\" content=\"fr_FR\" \/>\n<meta property=\"og:type\" content=\"article\" \/>\n<meta property=\"og:title\" content=\"Participation au Forum des Associations de la Ville de Gannat - ENTRE TERRE ET CIEL GANNAT\" \/>\n<meta property=\"og:description\" content=\"Le Samedi 07 septembre de 10H \u00e0 15 H Champ de Foire Les informations concernant cette manifestation sont pr\u00e9sent\u00e9es ici : https:\/\/www.jds.fr\/manifestations\/forum-des-associations-523714_A#:~:text=Dates%20et%20horaires%20%3A,2024%20de%2010h%20\u00e0%2015h\" \/>\n<meta property=\"og:url\" content=\"https:\/\/entreterreetcielgannat.fr\/index.php\/2024\/08\/30\/participation-au-forum-des-associations-de-la-ville-de-gannat\/\" \/>\n<meta property=\"og:site_name\" content=\"ENTRE TERRE ET CIEL GANNAT\" \/>\n<meta property=\"article:published_time\" content=\"2024-08-30T08:48:01+00:00\" \/>\n<meta property=\"article:modified_time\" content=\"2024-09-08T09:09:31+00:00\" \/>\n<meta property=\"og:image\" content=\"https:\/\/entreterreetcielgannat.fr\/wp-content\/uploads\/2024\/09\/Forum-Assocaition-Gannat-2024-2.jpg\" \/>\n<meta name=\"author\" content=\"Christine TARASCO\" \/>\n<meta name=\"twitter:card\" content=\"summary_large_image\" \/>\n<meta name=\"twitter:label1\" content=\"\u00c9crit par\" \/>\n\t<meta name=\"twitter:data1\" content=\"Christine TARASCO\" \/>\n<script type=\"application\/ld+json\" class=\"yoast-schema-graph\">{\"@context\":\"https:\\\/\\\/schema.org\",\"@graph\":[{\"@type\":\"Article\",\"@id\":\"https:\\\/\\\/entreterreetcielgannat.fr\\\/index.php\\\/2024\\\/08\\\/30\\\/participation-au-forum-des-associations-de-la-ville-de-gannat\\\/#article\",\"isPartOf\":{\"@id\":\"https:\\\/\\\/entreterreetcielgannat.fr\\\/index.php\\\/2024\\\/08\\\/30\\\/participation-au-forum-des-associations-de-la-ville-de-gannat\\\/\"},\"author\":{\"name\":\"Christine TARASCO\",\"@id\":\"https:\\\/\\\/entreterreetcielgannat.fr\\\/#\\\/schema\\\/person\\\/4a5a93e1c10243ee2a5a70d1794e1ea7\"},\"headline\":\"Participation au Forum des Associations de la Ville de Gannat\",\"datePublished\":\"2024-08-30T08:48:01+00:00\",\"dateModified\":\"2024-09-08T09:09:31+00:00\",\"mainEntityOfPage\":{\"@id\":\"https:\\\/\\\/entreterreetcielgannat.fr\\\/index.php\\\/2024\\\/08\\\/30\\\/participation-au-forum-des-associations-de-la-ville-de-gannat\\\/\"},\"wordCount\":44,\"commentCount\":1,\"publisher\":{\"@id\":\"https:\\\/\\\/entreterreetcielgannat.fr\\\/#organization\"},\"image\":{\"@id\":\"https:\\\/\\\/entreterreetcielgannat.fr\\\/index.php\\\/2024\\\/08\\\/30\\\/participation-au-forum-des-associations-de-la-ville-de-gannat\\\/#primaryimage\"},\"thumbnailUrl\":\"https:\\\/\\\/entreterreetcielgannat.fr\\\/wp-content\\\/uploads\\\/2024\\\/09\\\/Forum-Assocaition-Gannat-2024-2.jpg\",\"articleSection\":[\"ARTICLES INFOS\"],\"inLanguage\":\"fr-FR\",\"potentialAction\":[{\"@type\":\"CommentAction\",\"name\":\"Comment\",\"target\":[\"https:\\\/\\\/entreterreetcielgannat.fr\\\/index.php\\\/2024\\\/08\\\/30\\\/participation-au-forum-des-associations-de-la-ville-de-gannat\\\/#respond\"]}]},{\"@type\":\"WebPage\",\"@id\":\"https:\\\/\\\/entreterreetcielgannat.fr\\\/index.php\\\/2024\\\/08\\\/30\\\/participation-au-forum-des-associations-de-la-ville-de-gannat\\\/\",\"url\":\"https:\\\/\\\/entreterreetcielgannat.fr\\\/index.php\\\/2024\\\/08\\\/30\\\/participation-au-forum-des-associations-de-la-ville-de-gannat\\\/\",\"name\":\"Participation au Forum des Associations de la Ville de Gannat - ENTRE TERRE ET CIEL GANNAT\",\"isPartOf\":{\"@id\":\"https:\\\/\\\/entreterreetcielgannat.fr\\\/#website\"},\"primaryImageOfPage\":{\"@id\":\"https:\\\/\\\/entreterreetcielgannat.fr\\\/index.php\\\/2024\\\/08\\\/30\\\/participation-au-forum-des-associations-de-la-ville-de-gannat\\\/#primaryimage\"},\"image\":{\"@id\":\"https:\\\/\\\/entreterreetcielgannat.fr\\\/index.php\\\/2024\\\/08\\\/30\\\/participation-au-forum-des-associations-de-la-ville-de-gannat\\\/#primaryimage\"},\"thumbnailUrl\":\"https:\\\/\\\/entreterreetcielgannat.fr\\\/wp-content\\\/uploads\\\/2024\\\/09\\\/Forum-Assocaition-Gannat-2024-2.jpg\",\"datePublished\":\"2024-08-30T08:48:01+00:00\",\"dateModified\":\"2024-09-08T09:09:31+00:00\",\"breadcrumb\":{\"@id\":\"https:\\\/\\\/entreterreetcielgannat.fr\\\/index.php\\\/2024\\\/08\\\/30\\\/participation-au-forum-des-associations-de-la-ville-de-gannat\\\/#breadcrumb\"},\"inLanguage\":\"fr-FR\",\"potentialAction\":[{\"@type\":\"ReadAction\",\"target\":[\"https:\\\/\\\/entreterreetcielgannat.fr\\\/index.php\\\/2024\\\/08\\\/30\\\/participation-au-forum-des-associations-de-la-ville-de-gannat\\\/\"]}]},{\"@type\":\"ImageObject\",\"inLanguage\":\"fr-FR\",\"@id\":\"https:\\\/\\\/entreterreetcielgannat.fr\\\/index.php\\\/2024\\\/08\\\/30\\\/participation-au-forum-des-associations-de-la-ville-de-gannat\\\/#primaryimage\",\"url\":\"https:\\\/\\\/entreterreetcielgannat.fr\\\/wp-content\\\/uploads\\\/2024\\\/09\\\/Forum-Assocaition-Gannat-2024-2.jpg\",\"contentUrl\":\"https:\\\/\\\/entreterreetcielgannat.fr\\\/wp-content\\\/uploads\\\/2024\\\/09\\\/Forum-Assocaition-Gannat-2024-2.jpg\",\"width\":599,\"height\":799},{\"@type\":\"BreadcrumbList\",\"@id\":\"https:\\\/\\\/entreterreetcielgannat.fr\\\/index.php\\\/2024\\\/08\\\/30\\\/participation-au-forum-des-associations-de-la-ville-de-gannat\\\/#breadcrumb\",\"itemListElement\":[{\"@type\":\"ListItem\",\"position\":1,\"name\":\"Accueil\",\"item\":\"https:\\\/\\\/entreterreetcielgannat.fr\\\/\"},{\"@type\":\"ListItem\",\"position\":2,\"name\":\"Participation au Forum des Associations de la Ville de Gannat\"}]},{\"@type\":\"WebSite\",\"@id\":\"https:\\\/\\\/entreterreetcielgannat.fr\\\/#website\",\"url\":\"https:\\\/\\\/entreterreetcielgannat.fr\\\/\",\"name\":\"entreterreetcielgannat.fr\",\"description\":\"Pratique du Qi Gong et du Tai Chi pour un mieux \u00eatre\",\"publisher\":{\"@id\":\"https:\\\/\\\/entreterreetcielgannat.fr\\\/#organization\"},\"potentialAction\":[{\"@type\":\"SearchAction\",\"target\":{\"@type\":\"EntryPoint\",\"urlTemplate\":\"https:\\\/\\\/entreterreetcielgannat.fr\\\/?s={search_term_string}\"},\"query-input\":{\"@type\":\"PropertyValueSpecification\",\"valueRequired\":true,\"valueName\":\"search_term_string\"}}],\"inLanguage\":\"fr-FR\"},{\"@type\":\"Organization\",\"@id\":\"https:\\\/\\\/entreterreetcielgannat.fr\\\/#organization\",\"name\":\"Entre terre et ciel\",\"url\":\"https:\\\/\\\/entreterreetcielgannat.fr\\\/\",\"logo\":{\"@type\":\"ImageObject\",\"inLanguage\":\"fr-FR\",\"@id\":\"https:\\\/\\\/entreterreetcielgannat.fr\\\/#\\\/schema\\\/logo\\\/image\\\/\",\"url\":\"http:\\\/\\\/entreterreetcielgannat.fr\\\/wp-content\\\/uploads\\\/2023\\\/09\\\/Capture-decran-2023-09-16-a-16.53.19.png\",\"contentUrl\":\"http:\\\/\\\/entreterreetcielgannat.fr\\\/wp-content\\\/uploads\\\/2023\\\/09\\\/Capture-decran-2023-09-16-a-16.53.19.png\",\"width\":418,\"height\":358,\"caption\":\"Entre terre et ciel\"},\"image\":{\"@id\":\"https:\\\/\\\/entreterreetcielgannat.fr\\\/#\\\/schema\\\/logo\\\/image\\\/\"}},{\"@type\":\"Person\",\"@id\":\"https:\\\/\\\/entreterreetcielgannat.fr\\\/#\\\/schema\\\/person\\\/4a5a93e1c10243ee2a5a70d1794e1ea7\",\"name\":\"Christine TARASCO\",\"image\":{\"@type\":\"ImageObject\",\"inLanguage\":\"fr-FR\",\"@id\":\"https:\\\/\\\/secure.gravatar.com\\\/avatar\\\/fcbaa1f46f2310cc8ed08ca47d7b96bf1ba7d6a1f72288a97a9c2ac29247e15e?s=96&d=mm&r=g\",\"url\":\"https:\\\/\\\/secure.gravatar.com\\\/avatar\\\/fcbaa1f46f2310cc8ed08ca47d7b96bf1ba7d6a1f72288a97a9c2ac29247e15e?s=96&d=mm&r=g\",\"contentUrl\":\"https:\\\/\\\/secure.gravatar.com\\\/avatar\\\/fcbaa1f46f2310cc8ed08ca47d7b96bf1ba7d6a1f72288a97a9c2ac29247e15e?s=96&d=mm&r=g\",\"caption\":\"Christine TARASCO\"},\"sameAs\":[\"http:\\\/\\\/entreterreetcielgannat.fr\"],\"url\":\"https:\\\/\\\/entreterreetcielgannat.fr\\\/index.php\\\/author\\\/christine\\\/\"}]}<\/script>\n<!-- \/ Yoast SEO plugin. -->","yoast_head_json":{"title":"Participation au Forum des Associations de la Ville de Gannat - ENTRE TERRE ET CIEL GANNAT","robots":{"index":"index","follow":"follow","max-snippet":"max-snippet:-1","max-image-preview":"max-image-preview:large","max-video-preview":"max-video-preview:-1"},"canonical":"https:\/\/entreterreetcielgannat.fr\/index.php\/2024\/08\/30\/participation-au-forum-des-associations-de-la-ville-de-gannat\/","og_locale":"fr_FR","og_type":"article","og_title":"Participation au Forum des Associations de la Ville de Gannat - ENTRE TERRE ET CIEL GANNAT","og_description":"Le Samedi 07 septembre de 10H \u00e0 15 H Champ de Foire Les informations concernant cette manifestation sont pr\u00e9sent\u00e9es ici : https:\/\/www.jds.fr\/manifestations\/forum-des-associations-523714_A#:~:text=Dates%20et%20horaires%20%3A,2024%20de%2010h%20\u00e0%2015h","og_url":"https:\/\/entreterreetcielgannat.fr\/index.php\/2024\/08\/30\/participation-au-forum-des-associations-de-la-ville-de-gannat\/","og_site_name":"ENTRE TERRE ET CIEL GANNAT","article_published_time":"2024-08-30T08:48:01+00:00","article_modified_time":"2024-09-08T09:09:31+00:00","og_image":[{"url":"https:\/\/entreterreetcielgannat.fr\/wp-content\/uploads\/2024\/09\/Forum-Assocaition-Gannat-2024-2.jpg","type":"","width":"","height":""}],"author":"Christine TARASCO","twitter_card":"summary_large_image","twitter_misc":{"\u00c9crit par":"Christine TARASCO"},"schema":{"@context":"https:\/\/schema.org","@graph":[{"@type":"Article","@id":"https:\/\/entreterreetcielgannat.fr\/index.php\/2024\/08\/30\/participation-au-forum-des-associations-de-la-ville-de-gannat\/#article","isPartOf":{"@id":"https:\/\/entreterreetcielgannat.fr\/index.php\/2024\/08\/30\/participation-au-forum-des-associations-de-la-ville-de-gannat\/"},"author":{"name":"Christine TARASCO","@id":"https:\/\/entreterreetcielgannat.fr\/#\/schema\/person\/4a5a93e1c10243ee2a5a70d1794e1ea7"},"headline":"Participation au Forum des Associations de la Ville de Gannat","datePublished":"2024-08-30T08:48:01+00:00","dateModified":"2024-09-08T09:09:31+00:00","mainEntityOfPage":{"@id":"https:\/\/entreterreetcielgannat.fr\/index.php\/2024\/08\/30\/participation-au-forum-des-associations-de-la-ville-de-gannat\/"},"wordCount":44,"commentCount":1,"publisher":{"@id":"https:\/\/entreterreetcielgannat.fr\/#organization"},"image":{"@id":"https:\/\/entreterreetcielgannat.fr\/index.php\/2024\/08\/30\/participation-au-forum-des-associations-de-la-ville-de-gannat\/#primaryimage"},"thumbnailUrl":"https:\/\/entreterreetcielgannat.fr\/wp-content\/uploads\/2024\/09\/Forum-Assocaition-Gannat-2024-2.jpg","articleSection":["ARTICLES INFOS"],"inLanguage":"fr-FR","potentialAction":[{"@type":"CommentAction","name":"Comment","target":["https:\/\/entreterreetcielgannat.fr\/index.php\/2024\/08\/30\/participation-au-forum-des-associations-de-la-ville-de-gannat\/#respond"]}]},{"@type":"WebPage","@id":"https:\/\/entreterreetcielgannat.fr\/index.php\/2024\/08\/30\/participation-au-forum-des-associations-de-la-ville-de-gannat\/","url":"https:\/\/entreterreetcielgannat.fr\/index.php\/2024\/08\/30\/participation-au-forum-des-associations-de-la-ville-de-gannat\/","name":"Participation au Forum des Associations de la Ville de Gannat - ENTRE TERRE ET CIEL GANNAT","isPartOf":{"@id":"https:\/\/entreterreetcielgannat.fr\/#website"},"primaryImageOfPage":{"@id":"https:\/\/entreterreetcielgannat.fr\/index.php\/2024\/08\/30\/participation-au-forum-des-associations-de-la-ville-de-gannat\/#primaryimage"},"image":{"@id":"https:\/\/entreterreetcielgannat.fr\/index.php\/2024\/08\/30\/participation-au-forum-des-associations-de-la-ville-de-gannat\/#primaryimage"},"thumbnailUrl":"https:\/\/entreterreetcielgannat.fr\/wp-content\/uploads\/2024\/09\/Forum-Assocaition-Gannat-2024-2.jpg","datePublished":"2024-08-30T08:48:01+00:00","dateModified":"2024-09-08T09:09:31+00:00","breadcrumb":{"@id":"https:\/\/entreterreetcielgannat.fr\/index.php\/2024\/08\/30\/participation-au-forum-des-associations-de-la-ville-de-gannat\/#breadcrumb"},"inLanguage":"fr-FR","potentialAction":[{"@type":"ReadAction","target":["https:\/\/entreterreetcielgannat.fr\/index.php\/2024\/08\/30\/participation-au-forum-des-associations-de-la-ville-de-gannat\/"]}]},{"@type":"ImageObject","inLanguage":"fr-FR","@id":"https:\/\/entreterreetcielgannat.fr\/index.php\/2024\/08\/30\/participation-au-forum-des-associations-de-la-ville-de-gannat\/#primaryimage","url":"https:\/\/entreterreetcielgannat.fr\/wp-content\/uploads\/2024\/09\/Forum-Assocaition-Gannat-2024-2.jpg","contentUrl":"https:\/\/entreterreetcielgannat.fr\/wp-content\/uploads\/2024\/09\/Forum-Assocaition-Gannat-2024-2.jpg","width":599,"height":799},{"@type":"BreadcrumbList","@id":"https:\/\/entreterreetcielgannat.fr\/index.php\/2024\/08\/30\/participation-au-forum-des-associations-de-la-ville-de-gannat\/#breadcrumb","itemListElement":[{"@type":"ListItem","position":1,"name":"Accueil","item":"https:\/\/entreterreetcielgannat.fr\/"},{"@type":"ListItem","position":2,"name":"Participation au Forum des Associations de la Ville de Gannat"}]},{"@type":"WebSite","@id":"https:\/\/entreterreetcielgannat.fr\/#website","url":"https:\/\/entreterreetcielgannat.fr\/","name":"entreterreetcielgannat.fr","description":"Pratique du Qi Gong et du Tai Chi pour un mieux \u00eatre","publisher":{"@id":"https:\/\/entreterreetcielgannat.fr\/#organization"},"potentialAction":[{"@type":"SearchAction","target":{"@type":"EntryPoint","urlTemplate":"https:\/\/entreterreetcielgannat.fr\/?s={search_term_string}"},"query-input":{"@type":"PropertyValueSpecification","valueRequired":true,"valueName":"search_term_string"}}],"inLanguage":"fr-FR"},{"@type":"Organization","@id":"https:\/\/entreterreetcielgannat.fr\/#organization","name":"Entre terre et ciel","url":"https:\/\/entreterreetcielgannat.fr\/","logo":{"@type":"ImageObject","inLanguage":"fr-FR","@id":"https:\/\/entreterreetcielgannat.fr\/#\/schema\/logo\/image\/","url":"http:\/\/entreterreetcielgannat.fr\/wp-content\/uploads\/2023\/09\/Capture-decran-2023-09-16-a-16.53.19.png","contentUrl":"http:\/\/entreterreetcielgannat.fr\/wp-content\/uploads\/2023\/09\/Capture-decran-2023-09-16-a-16.53.19.png","width":418,"height":358,"caption":"Entre terre et ciel"},"image":{"@id":"https:\/\/entreterreetcielgannat.fr\/#\/schema\/logo\/image\/"}},{"@type":"Person","@id":"https:\/\/entreterreetcielgannat.fr\/#\/schema\/person\/4a5a93e1c10243ee2a5a70d1794e1ea7","name":"Christine TARASCO","image":{"@type":"ImageObject","inLanguage":"fr-FR","@id":"https:\/\/secure.gravatar.com\/avatar\/fcbaa1f46f2310cc8ed08ca47d7b96bf1ba7d6a1f72288a97a9c2ac29247e15e?s=96&d=mm&r=g","url":"https:\/\/secure.gravatar.com\/avatar\/fcbaa1f46f2310cc8ed08ca47d7b96bf1ba7d6a1f72288a97a9c2ac29247e15e?s=96&d=mm&r=g","contentUrl":"https:\/\/secure.gravatar.com\/avatar\/fcbaa1f46f2310cc8ed08ca47d7b96bf1ba7d6a1f72288a97a9c2ac29247e15e?s=96&d=mm&r=g","caption":"Christine TARASCO"},"sameAs":["http:\/\/entreterreetcielgannat.fr"],"url":"https:\/\/entreterreetcielgannat.fr\/index.php\/author\/christine\/"}]}},"_links":{"self":[{"href":"https:\/\/entreterreetcielgannat.fr\/index.php\/wp-json\/wp\/v2\/posts\/280","targetHints":{"allow":["GET"]}}],"collection":[{"href":"https:\/\/entreterreetcielgannat.fr\/index.php\/wp-json\/wp\/v2\/posts"}],"about":[{"href":"https:\/\/entreterreetcielgannat.fr\/index.php\/wp-json\/wp\/v2\/types\/post"}],"author":[{"embeddable":true,"href":"https:\/\/entreterreetcielgannat.fr\/index.php\/wp-json\/wp\/v2\/users\/3"}],"replies":[{"embeddable":true,"href":"https:\/\/entreterreetcielgannat.fr\/index.php\/wp-json\/wp\/v2\/comments?post=280"}],"version-history":[{"count":4,"href":"https:\/\/entreterreetcielgannat.fr\/index.php\/wp-json\/wp\/v2\/posts\/280\/revisions"}],"predecessor-version":[{"id":290,"href":"https:\/\/entreterreetcielgannat.fr\/index.php\/wp-json\/wp\/v2\/posts\/280\/revisions\/290"}],"wp:attachment":[{"href":"https:\/\/entreterreetcielgannat.fr\/index.php\/wp-json\/wp\/v2\/media?parent=280"}],"wp:term":[{"taxonomy":"category","embeddable":true,"href":"https:\/\/entreterreetcielgannat.fr\/index.php\/wp-json\/wp\/v2\/categories?post=280"},{"taxonomy":"post_tag","embeddable":true,"href":"https:\/\/entreterreetcielgannat.fr\/index.php\/wp-json\/wp\/v2\/tags?post=280"}],"curies":[{"name":"wp","href":"https:\/\/api.w.org\/{rel}","templated":true}]}}