{"id":487,"date":"2025-03-31T11:34:54","date_gmt":"2025-03-31T09:34:54","guid":{"rendered":"https:\/\/entreterreetcielgannat.fr\/?p=487"},"modified":"2025-03-31T11:34:54","modified_gmt":"2025-03-31T09:34:54","slug":"repas-club-au-resto-la-roue-le-22-mars-25","status":"publish","type":"post","link":"https:\/\/entreterreetcielgannat.fr\/index.php\/2025\/03\/31\/repas-club-au-resto-la-roue-le-22-mars-25\/","title":{"rendered":"Repas Club au Resto La ROU\u00c9 le 22 mars 25"},"content":{"rendered":"\n<figure class=\"wp-block-gallery has-nested-images columns-default is-cropped wp-block-gallery-1 is-layout-flex wp-block-gallery-is-layout-flex\">\n<figure class=\"wp-block-image size-large\"><img loading=\"lazy\" decoding=\"async\" width=\"717\" height=\"1024\" data-id=\"488\" src=\"https:\/\/entreterreetcielgannat.fr\/wp-content\/uploads\/2025\/03\/menu-la-roue-03-2025-002-717x1024.jpg\" alt=\"\" class=\"wp-image-488\" srcset=\"https:\/\/entreterreetcielgannat.fr\/wp-content\/uploads\/2025\/03\/menu-la-roue-03-2025-002-717x1024.jpg 717w, https:\/\/entreterreetcielgannat.fr\/wp-content\/uploads\/2025\/03\/menu-la-roue-03-2025-002-210x300.jpg 210w, https:\/\/entreterreetcielgannat.fr\/wp-content\/uploads\/2025\/03\/menu-la-roue-03-2025-002-768x1097.jpg 768w, https:\/\/entreterreetcielgannat.fr\/wp-content\/uploads\/2025\/03\/menu-la-roue-03-2025-002-1075x1536.jpg 1075w, https:\/\/entreterreetcielgannat.fr\/wp-content\/uploads\/2025\/03\/menu-la-roue-03-2025-002-1434x2048.jpg 1434w, https:\/\/entreterreetcielgannat.fr\/wp-content\/uploads\/2025\/03\/menu-la-roue-03-2025-002-1200x1714.jpg 1200w, https:\/\/entreterreetcielgannat.fr\/wp-content\/uploads\/2025\/03\/menu-la-roue-03-2025-002-1980x2829.jpg 1980w, https:\/\/entreterreetcielgannat.fr\/wp-content\/uploads\/2025\/03\/menu-la-roue-03-2025-002-scaled.jpg 1792w\" sizes=\"auto, (max-width: 717px) 100vw, 717px\" \/><\/figure>\n<\/figure>\n\n\n\n<figure class=\"wp-block-gallery has-nested-images columns-default is-cropped wp-block-gallery-2 is-layout-flex wp-block-gallery-is-layout-flex\">\n<figure class=\"wp-block-image size-large\"><img loading=\"lazy\" decoding=\"async\" width=\"768\" height=\"1024\" data-id=\"489\" src=\"https:\/\/entreterreetcielgannat.fr\/wp-content\/uploads\/2025\/03\/20250322_131931-768x1024.jpg\" alt=\"\" class=\"wp-image-489\" srcset=\"https:\/\/entreterreetcielgannat.fr\/wp-content\/uploads\/2025\/03\/20250322_131931-768x1024.jpg 768w, https:\/\/entreterreetcielgannat.fr\/wp-content\/uploads\/2025\/03\/20250322_131931-225x300.jpg 225w, https:\/\/entreterreetcielgannat.fr\/wp-content\/uploads\/2025\/03\/20250322_131931-1152x1536.jpg 1152w, https:\/\/entreterreetcielgannat.fr\/wp-content\/uploads\/2025\/03\/20250322_131931-rotated.jpg 1182w\" sizes=\"auto, (max-width: 768px) 100vw, 768px\" \/><\/figure>\n\n\n\n<figure class=\"wp-block-image size-large\"><img loading=\"lazy\" decoding=\"async\" width=\"1024\" height=\"768\" data-id=\"490\" src=\"https:\/\/entreterreetcielgannat.fr\/wp-content\/uploads\/2025\/03\/20250322_131952-1024x768.jpg\" alt=\"\" class=\"wp-image-490\" srcset=\"https:\/\/entreterreetcielgannat.fr\/wp-content\/uploads\/2025\/03\/20250322_131952-1024x768.jpg 1024w, https:\/\/entreterreetcielgannat.fr\/wp-content\/uploads\/2025\/03\/20250322_131952-300x225.jpg 300w, https:\/\/entreterreetcielgannat.fr\/wp-content\/uploads\/2025\/03\/20250322_131952-768x576.jpg 768w, https:\/\/entreterreetcielgannat.fr\/wp-content\/uploads\/2025\/03\/20250322_131952-1200x900.jpg 1200w, https:\/\/entreterreetcielgannat.fr\/wp-content\/uploads\/2025\/03\/20250322_131952.jpg 1492w\" sizes=\"auto, (max-width: 1024px) 100vw, 1024px\" \/><\/figure>\n\n\n\n<figure class=\"wp-block-image size-large\"><img loading=\"lazy\" decoding=\"async\" width=\"1024\" height=\"768\" data-id=\"491\" src=\"https:\/\/entreterreetcielgannat.fr\/wp-content\/uploads\/2025\/03\/20250322_131953-1024x768.jpg\" alt=\"\" class=\"wp-image-491\" srcset=\"https:\/\/entreterreetcielgannat.fr\/wp-content\/uploads\/2025\/03\/20250322_131953-1024x768.jpg 1024w, https:\/\/entreterreetcielgannat.fr\/wp-content\/uploads\/2025\/03\/20250322_131953-300x225.jpg 300w, https:\/\/entreterreetcielgannat.fr\/wp-content\/uploads\/2025\/03\/20250322_131953-768x576.jpg 768w, https:\/\/entreterreetcielgannat.fr\/wp-content\/uploads\/2025\/03\/20250322_131953-1536x1152.jpg 1536w, https:\/\/entreterreetcielgannat.fr\/wp-content\/uploads\/2025\/03\/20250322_131953-1200x900.jpg 1200w, https:\/\/entreterreetcielgannat.fr\/wp-content\/uploads\/2025\/03\/20250322_131953.jpg 1565w\" sizes=\"auto, (max-width: 1024px) 100vw, 1024px\" \/><\/figure>\n\n\n\n<figure class=\"wp-block-image size-large\"><img loading=\"lazy\" decoding=\"async\" width=\"768\" height=\"1024\" data-id=\"496\" src=\"https:\/\/entreterreetcielgannat.fr\/wp-content\/uploads\/2025\/03\/20250322_132850-768x1024.jpg\" alt=\"\" class=\"wp-image-496\" srcset=\"https:\/\/entreterreetcielgannat.fr\/wp-content\/uploads\/2025\/03\/20250322_132850-768x1024.jpg 768w, https:\/\/entreterreetcielgannat.fr\/wp-content\/uploads\/2025\/03\/20250322_132850-225x300.jpg 225w, https:\/\/entreterreetcielgannat.fr\/wp-content\/uploads\/2025\/03\/20250322_132850-1152x1536.jpg 1152w, https:\/\/entreterreetcielgannat.fr\/wp-content\/uploads\/2025\/03\/20250322_132850-1200x1601.jpg 1200w, https:\/\/entreterreetcielgannat.fr\/wp-content\/uploads\/2025\/03\/20250322_132850-rotated.jpg 1342w\" sizes=\"auto, (max-width: 768px) 100vw, 768px\" \/><\/figure>\n\n\n\n<figure class=\"wp-block-image size-large\"><img loading=\"lazy\" decoding=\"async\" width=\"768\" height=\"1024\" data-id=\"495\" src=\"https:\/\/entreterreetcielgannat.fr\/wp-content\/uploads\/2025\/03\/20250322_132853-768x1024.jpg\" alt=\"\" class=\"wp-image-495\" srcset=\"https:\/\/entreterreetcielgannat.fr\/wp-content\/uploads\/2025\/03\/20250322_132853-768x1024.jpg 768w, https:\/\/entreterreetcielgannat.fr\/wp-content\/uploads\/2025\/03\/20250322_132853-225x300.jpg 225w, https:\/\/entreterreetcielgannat.fr\/wp-content\/uploads\/2025\/03\/20250322_132853-1152x1536.jpg 1152w, https:\/\/entreterreetcielgannat.fr\/wp-content\/uploads\/2025\/03\/20250322_132853-1200x1600.jpg 1200w, https:\/\/entreterreetcielgannat.fr\/wp-content\/uploads\/2025\/03\/20250322_132853-rotated.jpg 1332w\" sizes=\"auto, (max-width: 768px) 100vw, 768px\" \/><\/figure>\n\n\n\n<figure class=\"wp-block-image size-large\"><img loading=\"lazy\" decoding=\"async\" width=\"768\" height=\"1024\" data-id=\"493\" src=\"https:\/\/entreterreetcielgannat.fr\/wp-content\/uploads\/2025\/03\/20250322_132917-768x1024.jpg\" alt=\"\" class=\"wp-image-493\" srcset=\"https:\/\/entreterreetcielgannat.fr\/wp-content\/uploads\/2025\/03\/20250322_132917-768x1024.jpg 768w, https:\/\/entreterreetcielgannat.fr\/wp-content\/uploads\/2025\/03\/20250322_132917-225x300.jpg 225w, https:\/\/entreterreetcielgannat.fr\/wp-content\/uploads\/2025\/03\/20250322_132917-rotated.jpg 1129w\" sizes=\"auto, (max-width: 768px) 100vw, 768px\" \/><\/figure>\n\n\n\n<figure class=\"wp-block-image size-large\"><img loading=\"lazy\" decoding=\"async\" width=\"768\" height=\"1024\" data-id=\"497\" src=\"https:\/\/entreterreetcielgannat.fr\/wp-content\/uploads\/2025\/03\/20250322_132923-768x1024.jpg\" alt=\"\" class=\"wp-image-497\" srcset=\"https:\/\/entreterreetcielgannat.fr\/wp-content\/uploads\/2025\/03\/20250322_132923-768x1024.jpg 768w, https:\/\/entreterreetcielgannat.fr\/wp-content\/uploads\/2025\/03\/20250322_132923-225x300.jpg 225w, https:\/\/entreterreetcielgannat.fr\/wp-content\/uploads\/2025\/03\/20250322_132923-1152x1536.jpg 1152w, https:\/\/entreterreetcielgannat.fr\/wp-content\/uploads\/2025\/03\/20250322_132923-1200x1600.jpg 1200w, https:\/\/entreterreetcielgannat.fr\/wp-content\/uploads\/2025\/03\/20250322_132923-rotated.jpg 1338w\" sizes=\"auto, (max-width: 768px) 100vw, 768px\" \/><\/figure>\n\n\n\n<figure class=\"wp-block-image size-large\"><img loading=\"lazy\" decoding=\"async\" width=\"767\" height=\"1024\" data-id=\"494\" src=\"https:\/\/entreterreetcielgannat.fr\/wp-content\/uploads\/2025\/03\/20250322_134033-767x1024.jpg\" alt=\"\" class=\"wp-image-494\" srcset=\"https:\/\/entreterreetcielgannat.fr\/wp-content\/uploads\/2025\/03\/20250322_134033-767x1024.jpg 767w, https:\/\/entreterreetcielgannat.fr\/wp-content\/uploads\/2025\/03\/20250322_134033-225x300.jpg 225w, https:\/\/entreterreetcielgannat.fr\/wp-content\/uploads\/2025\/03\/20250322_134033-768x1025.jpg 768w, https:\/\/entreterreetcielgannat.fr\/wp-content\/uploads\/2025\/03\/20250322_134033-rotated.jpg 1140w\" sizes=\"auto, (max-width: 767px) 100vw, 767px\" \/><\/figure>\n\n\n\n<figure class=\"wp-block-image size-large\"><img loading=\"lazy\" decoding=\"async\" width=\"768\" height=\"1024\" data-id=\"492\" src=\"https:\/\/entreterreetcielgannat.fr\/wp-content\/uploads\/2025\/03\/20250322_134038-768x1024.jpg\" alt=\"\" class=\"wp-image-492\" srcset=\"https:\/\/entreterreetcielgannat.fr\/wp-content\/uploads\/2025\/03\/20250322_134038-768x1023.jpg 768w, https:\/\/entreterreetcielgannat.fr\/wp-content\/uploads\/2025\/03\/20250322_134038-225x300.jpg 225w, https:\/\/entreterreetcielgannat.fr\/wp-content\/uploads\/2025\/03\/20250322_134038-1153x1536.jpg 1153w, https:\/\/entreterreetcielgannat.fr\/wp-content\/uploads\/2025\/03\/20250322_134038-rotated.jpg 1158w\" sizes=\"auto, (max-width: 768px) 100vw, 768px\" \/><\/figure>\n<\/figure>\n\n\n\n<p>Nous \u00e9tions 18 personnes. Nous avons pass\u00e9 un agr\u00e9able moment. Tout \u00e9tait pr\u00e9sent : la bonne ambiance, le bon repas complet avec fromage et caf\u00e9 inclus, le service accueillant et sympathique, le cadre int\u00e9rieur et la vue ext\u00e9rieure, le grand parking. Un bon souvenir o\u00f9 chacun a pu \u00e9changer divers propos, autre que celui de nos pratiques. A renouveler<\/p>\n\n\n\n<p><\/p>\n","protected":false},"excerpt":{"rendered":"<p>Nous \u00e9tions 18 personnes. Nous avons pass\u00e9 un agr\u00e9able moment. Tout \u00e9tait pr\u00e9sent : la bonne ambiance, le bon repas complet avec fromage et caf\u00e9 inclus, le service accueillant et sympathique, le cadre int\u00e9rieur et la vue ext\u00e9rieure, le grand parking. Un bon souvenir o\u00f9 chacun a pu \u00e9changer divers propos, autre que celui de [&hellip;]<\/p>\n","protected":false},"author":1,"featured_media":0,"comment_status":"open","ping_status":"open","sticky":false,"template":"","format":"standard","meta":{"footnotes":""},"categories":[1],"tags":[],"class_list":["post-487","post","type-post","status-publish","format-standard","hentry","category-non-classe"],"yoast_head":"<!-- This site is optimized with the Yoast SEO plugin v27.3 - https:\/\/yoast.com\/product\/yoast-seo-wordpress\/ -->\n<title>Repas Club au Resto La ROU\u00c9 le 22 mars 25 - ENTRE TERRE ET CIEL GANNAT<\/title>\n<meta name=\"robots\" content=\"index, follow, max-snippet:-1, max-image-preview:large, max-video-preview:-1\" \/>\n<link rel=\"canonical\" href=\"https:\/\/entreterreetcielgannat.fr\/index.php\/2025\/03\/31\/repas-club-au-resto-la-roue-le-22-mars-25\/\" \/>\n<meta property=\"og:locale\" content=\"fr_FR\" \/>\n<meta property=\"og:type\" content=\"article\" \/>\n<meta property=\"og:title\" content=\"Repas Club au Resto La ROU\u00c9 le 22 mars 25 - ENTRE TERRE ET CIEL GANNAT\" \/>\n<meta property=\"og:description\" content=\"Nous \u00e9tions 18 personnes. Nous avons pass\u00e9 un agr\u00e9able moment. Tout \u00e9tait pr\u00e9sent : la bonne ambiance, le bon repas complet avec fromage et caf\u00e9 inclus, le service accueillant et sympathique, le cadre int\u00e9rieur et la vue ext\u00e9rieure, le grand parking. Un bon souvenir o\u00f9 chacun a pu \u00e9changer divers propos, autre que celui de [&hellip;]\" \/>\n<meta property=\"og:url\" content=\"https:\/\/entreterreetcielgannat.fr\/index.php\/2025\/03\/31\/repas-club-au-resto-la-roue-le-22-mars-25\/\" \/>\n<meta property=\"og:site_name\" content=\"ENTRE TERRE ET CIEL GANNAT\" \/>\n<meta property=\"article:published_time\" content=\"2025-03-31T09:34:54+00:00\" \/>\n<meta property=\"og:image\" content=\"https:\/\/entreterreetcielgannat.fr\/wp-content\/uploads\/2025\/03\/menu-la-roue-03-2025-002-scaled.jpg\" \/>\n\t<meta property=\"og:image:width\" content=\"1792\" \/>\n\t<meta property=\"og:image:height\" content=\"2560\" \/>\n\t<meta property=\"og:image:type\" content=\"image\/jpeg\" \/>\n<meta name=\"author\" content=\"admin9438\" \/>\n<meta name=\"twitter:card\" content=\"summary_large_image\" \/>\n<meta name=\"twitter:label1\" content=\"\u00c9crit par\" \/>\n\t<meta name=\"twitter:data1\" content=\"admin9438\" \/>\n<script type=\"application\/ld+json\" class=\"yoast-schema-graph\">{\"@context\":\"https:\\\/\\\/schema.org\",\"@graph\":[{\"@type\":\"Article\",\"@id\":\"https:\\\/\\\/entreterreetcielgannat.fr\\\/index.php\\\/2025\\\/03\\\/31\\\/repas-club-au-resto-la-roue-le-22-mars-25\\\/#article\",\"isPartOf\":{\"@id\":\"https:\\\/\\\/entreterreetcielgannat.fr\\\/index.php\\\/2025\\\/03\\\/31\\\/repas-club-au-resto-la-roue-le-22-mars-25\\\/\"},\"author\":{\"name\":\"admin9438\",\"@id\":\"https:\\\/\\\/entreterreetcielgannat.fr\\\/#\\\/schema\\\/person\\\/a71d4afe3ce1a63f5c51b25812ea783a\"},\"headline\":\"Repas Club au Resto La ROU\u00c9 le 22 mars 25\",\"datePublished\":\"2025-03-31T09:34:54+00:00\",\"mainEntityOfPage\":{\"@id\":\"https:\\\/\\\/entreterreetcielgannat.fr\\\/index.php\\\/2025\\\/03\\\/31\\\/repas-club-au-resto-la-roue-le-22-mars-25\\\/\"},\"wordCount\":69,\"commentCount\":0,\"publisher\":{\"@id\":\"https:\\\/\\\/entreterreetcielgannat.fr\\\/#organization\"},\"image\":{\"@id\":\"https:\\\/\\\/entreterreetcielgannat.fr\\\/index.php\\\/2025\\\/03\\\/31\\\/repas-club-au-resto-la-roue-le-22-mars-25\\\/#primaryimage\"},\"thumbnailUrl\":\"https:\\\/\\\/entreterreetcielgannat.fr\\\/wp-content\\\/uploads\\\/2025\\\/03\\\/menu-la-roue-03-2025-002-717x1024.jpg\",\"articleSection\":[\"ACTUALITES\"],\"inLanguage\":\"fr-FR\",\"potentialAction\":[{\"@type\":\"CommentAction\",\"name\":\"Comment\",\"target\":[\"https:\\\/\\\/entreterreetcielgannat.fr\\\/index.php\\\/2025\\\/03\\\/31\\\/repas-club-au-resto-la-roue-le-22-mars-25\\\/#respond\"]}]},{\"@type\":\"WebPage\",\"@id\":\"https:\\\/\\\/entreterreetcielgannat.fr\\\/index.php\\\/2025\\\/03\\\/31\\\/repas-club-au-resto-la-roue-le-22-mars-25\\\/\",\"url\":\"https:\\\/\\\/entreterreetcielgannat.fr\\\/index.php\\\/2025\\\/03\\\/31\\\/repas-club-au-resto-la-roue-le-22-mars-25\\\/\",\"name\":\"Repas Club au Resto La ROU\u00c9 le 22 mars 25 - ENTRE TERRE ET CIEL GANNAT\",\"isPartOf\":{\"@id\":\"https:\\\/\\\/entreterreetcielgannat.fr\\\/#website\"},\"primaryImageOfPage\":{\"@id\":\"https:\\\/\\\/entreterreetcielgannat.fr\\\/index.php\\\/2025\\\/03\\\/31\\\/repas-club-au-resto-la-roue-le-22-mars-25\\\/#primaryimage\"},\"image\":{\"@id\":\"https:\\\/\\\/entreterreetcielgannat.fr\\\/index.php\\\/2025\\\/03\\\/31\\\/repas-club-au-resto-la-roue-le-22-mars-25\\\/#primaryimage\"},\"thumbnailUrl\":\"https:\\\/\\\/entreterreetcielgannat.fr\\\/wp-content\\\/uploads\\\/2025\\\/03\\\/menu-la-roue-03-2025-002-717x1024.jpg\",\"datePublished\":\"2025-03-31T09:34:54+00:00\",\"breadcrumb\":{\"@id\":\"https:\\\/\\\/entreterreetcielgannat.fr\\\/index.php\\\/2025\\\/03\\\/31\\\/repas-club-au-resto-la-roue-le-22-mars-25\\\/#breadcrumb\"},\"inLanguage\":\"fr-FR\",\"potentialAction\":[{\"@type\":\"ReadAction\",\"target\":[\"https:\\\/\\\/entreterreetcielgannat.fr\\\/index.php\\\/2025\\\/03\\\/31\\\/repas-club-au-resto-la-roue-le-22-mars-25\\\/\"]}]},{\"@type\":\"ImageObject\",\"inLanguage\":\"fr-FR\",\"@id\":\"https:\\\/\\\/entreterreetcielgannat.fr\\\/index.php\\\/2025\\\/03\\\/31\\\/repas-club-au-resto-la-roue-le-22-mars-25\\\/#primaryimage\",\"url\":\"https:\\\/\\\/entreterreetcielgannat.fr\\\/wp-content\\\/uploads\\\/2025\\\/03\\\/menu-la-roue-03-2025-002-scaled.jpg\",\"contentUrl\":\"https:\\\/\\\/entreterreetcielgannat.fr\\\/wp-content\\\/uploads\\\/2025\\\/03\\\/menu-la-roue-03-2025-002-scaled.jpg\",\"width\":1792,\"height\":2560},{\"@type\":\"BreadcrumbList\",\"@id\":\"https:\\\/\\\/entreterreetcielgannat.fr\\\/index.php\\\/2025\\\/03\\\/31\\\/repas-club-au-resto-la-roue-le-22-mars-25\\\/#breadcrumb\",\"itemListElement\":[{\"@type\":\"ListItem\",\"position\":1,\"name\":\"Accueil\",\"item\":\"https:\\\/\\\/entreterreetcielgannat.fr\\\/\"},{\"@type\":\"ListItem\",\"position\":2,\"name\":\"Repas Club au Resto La ROU\u00c9 le 22 mars 25\"}]},{\"@type\":\"WebSite\",\"@id\":\"https:\\\/\\\/entreterreetcielgannat.fr\\\/#website\",\"url\":\"https:\\\/\\\/entreterreetcielgannat.fr\\\/\",\"name\":\"entreterreetcielgannat.fr\",\"description\":\"Pratique du Qi Gong et du Tai Chi pour un mieux \u00eatre\",\"publisher\":{\"@id\":\"https:\\\/\\\/entreterreetcielgannat.fr\\\/#organization\"},\"potentialAction\":[{\"@type\":\"SearchAction\",\"target\":{\"@type\":\"EntryPoint\",\"urlTemplate\":\"https:\\\/\\\/entreterreetcielgannat.fr\\\/?s={search_term_string}\"},\"query-input\":{\"@type\":\"PropertyValueSpecification\",\"valueRequired\":true,\"valueName\":\"search_term_string\"}}],\"inLanguage\":\"fr-FR\"},{\"@type\":\"Organization\",\"@id\":\"https:\\\/\\\/entreterreetcielgannat.fr\\\/#organization\",\"name\":\"Entre terre et ciel\",\"url\":\"https:\\\/\\\/entreterreetcielgannat.fr\\\/\",\"logo\":{\"@type\":\"ImageObject\",\"inLanguage\":\"fr-FR\",\"@id\":\"https:\\\/\\\/entreterreetcielgannat.fr\\\/#\\\/schema\\\/logo\\\/image\\\/\",\"url\":\"http:\\\/\\\/entreterreetcielgannat.fr\\\/wp-content\\\/uploads\\\/2023\\\/09\\\/Capture-decran-2023-09-16-a-16.53.19.png\",\"contentUrl\":\"http:\\\/\\\/entreterreetcielgannat.fr\\\/wp-content\\\/uploads\\\/2023\\\/09\\\/Capture-decran-2023-09-16-a-16.53.19.png\",\"width\":418,\"height\":358,\"caption\":\"Entre terre et ciel\"},\"image\":{\"@id\":\"https:\\\/\\\/entreterreetcielgannat.fr\\\/#\\\/schema\\\/logo\\\/image\\\/\"}},{\"@type\":\"Person\",\"@id\":\"https:\\\/\\\/entreterreetcielgannat.fr\\\/#\\\/schema\\\/person\\\/a71d4afe3ce1a63f5c51b25812ea783a\",\"name\":\"admin9438\",\"image\":{\"@type\":\"ImageObject\",\"inLanguage\":\"fr-FR\",\"@id\":\"https:\\\/\\\/secure.gravatar.com\\\/avatar\\\/b3fbfc9bb359e5f448399d72b80d5cc3496c995941877b8fba76ff9b7e5b1f1c?s=96&d=mm&r=g\",\"url\":\"https:\\\/\\\/secure.gravatar.com\\\/avatar\\\/b3fbfc9bb359e5f448399d72b80d5cc3496c995941877b8fba76ff9b7e5b1f1c?s=96&d=mm&r=g\",\"contentUrl\":\"https:\\\/\\\/secure.gravatar.com\\\/avatar\\\/b3fbfc9bb359e5f448399d72b80d5cc3496c995941877b8fba76ff9b7e5b1f1c?s=96&d=mm&r=g\",\"caption\":\"admin9438\"},\"sameAs\":[\"http:\\\/\\\/entreterreetcielgannat.fr\"],\"url\":\"https:\\\/\\\/entreterreetcielgannat.fr\\\/index.php\\\/author\\\/admin9438\\\/\"}]}<\/script>\n<!-- \/ Yoast SEO plugin. -->","yoast_head_json":{"title":"Repas Club au Resto La ROU\u00c9 le 22 mars 25 - ENTRE TERRE ET CIEL GANNAT","robots":{"index":"index","follow":"follow","max-snippet":"max-snippet:-1","max-image-preview":"max-image-preview:large","max-video-preview":"max-video-preview:-1"},"canonical":"https:\/\/entreterreetcielgannat.fr\/index.php\/2025\/03\/31\/repas-club-au-resto-la-roue-le-22-mars-25\/","og_locale":"fr_FR","og_type":"article","og_title":"Repas Club au Resto La ROU\u00c9 le 22 mars 25 - ENTRE TERRE ET CIEL GANNAT","og_description":"Nous \u00e9tions 18 personnes. Nous avons pass\u00e9 un agr\u00e9able moment. Tout \u00e9tait pr\u00e9sent : la bonne ambiance, le bon repas complet avec fromage et caf\u00e9 inclus, le service accueillant et sympathique, le cadre int\u00e9rieur et la vue ext\u00e9rieure, le grand parking. Un bon souvenir o\u00f9 chacun a pu \u00e9changer divers propos, autre que celui de [&hellip;]","og_url":"https:\/\/entreterreetcielgannat.fr\/index.php\/2025\/03\/31\/repas-club-au-resto-la-roue-le-22-mars-25\/","og_site_name":"ENTRE TERRE ET CIEL GANNAT","article_published_time":"2025-03-31T09:34:54+00:00","og_image":[{"width":1792,"height":2560,"url":"https:\/\/entreterreetcielgannat.fr\/wp-content\/uploads\/2025\/03\/menu-la-roue-03-2025-002-scaled.jpg","type":"image\/jpeg"}],"author":"admin9438","twitter_card":"summary_large_image","twitter_misc":{"\u00c9crit par":"admin9438"},"schema":{"@context":"https:\/\/schema.org","@graph":[{"@type":"Article","@id":"https:\/\/entreterreetcielgannat.fr\/index.php\/2025\/03\/31\/repas-club-au-resto-la-roue-le-22-mars-25\/#article","isPartOf":{"@id":"https:\/\/entreterreetcielgannat.fr\/index.php\/2025\/03\/31\/repas-club-au-resto-la-roue-le-22-mars-25\/"},"author":{"name":"admin9438","@id":"https:\/\/entreterreetcielgannat.fr\/#\/schema\/person\/a71d4afe3ce1a63f5c51b25812ea783a"},"headline":"Repas Club au Resto La ROU\u00c9 le 22 mars 25","datePublished":"2025-03-31T09:34:54+00:00","mainEntityOfPage":{"@id":"https:\/\/entreterreetcielgannat.fr\/index.php\/2025\/03\/31\/repas-club-au-resto-la-roue-le-22-mars-25\/"},"wordCount":69,"commentCount":0,"publisher":{"@id":"https:\/\/entreterreetcielgannat.fr\/#organization"},"image":{"@id":"https:\/\/entreterreetcielgannat.fr\/index.php\/2025\/03\/31\/repas-club-au-resto-la-roue-le-22-mars-25\/#primaryimage"},"thumbnailUrl":"https:\/\/entreterreetcielgannat.fr\/wp-content\/uploads\/2025\/03\/menu-la-roue-03-2025-002-717x1024.jpg","articleSection":["ACTUALITES"],"inLanguage":"fr-FR","potentialAction":[{"@type":"CommentAction","name":"Comment","target":["https:\/\/entreterreetcielgannat.fr\/index.php\/2025\/03\/31\/repas-club-au-resto-la-roue-le-22-mars-25\/#respond"]}]},{"@type":"WebPage","@id":"https:\/\/entreterreetcielgannat.fr\/index.php\/2025\/03\/31\/repas-club-au-resto-la-roue-le-22-mars-25\/","url":"https:\/\/entreterreetcielgannat.fr\/index.php\/2025\/03\/31\/repas-club-au-resto-la-roue-le-22-mars-25\/","name":"Repas Club au Resto La ROU\u00c9 le 22 mars 25 - ENTRE TERRE ET CIEL GANNAT","isPartOf":{"@id":"https:\/\/entreterreetcielgannat.fr\/#website"},"primaryImageOfPage":{"@id":"https:\/\/entreterreetcielgannat.fr\/index.php\/2025\/03\/31\/repas-club-au-resto-la-roue-le-22-mars-25\/#primaryimage"},"image":{"@id":"https:\/\/entreterreetcielgannat.fr\/index.php\/2025\/03\/31\/repas-club-au-resto-la-roue-le-22-mars-25\/#primaryimage"},"thumbnailUrl":"https:\/\/entreterreetcielgannat.fr\/wp-content\/uploads\/2025\/03\/menu-la-roue-03-2025-002-717x1024.jpg","datePublished":"2025-03-31T09:34:54+00:00","breadcrumb":{"@id":"https:\/\/entreterreetcielgannat.fr\/index.php\/2025\/03\/31\/repas-club-au-resto-la-roue-le-22-mars-25\/#breadcrumb"},"inLanguage":"fr-FR","potentialAction":[{"@type":"ReadAction","target":["https:\/\/entreterreetcielgannat.fr\/index.php\/2025\/03\/31\/repas-club-au-resto-la-roue-le-22-mars-25\/"]}]},{"@type":"ImageObject","inLanguage":"fr-FR","@id":"https:\/\/entreterreetcielgannat.fr\/index.php\/2025\/03\/31\/repas-club-au-resto-la-roue-le-22-mars-25\/#primaryimage","url":"https:\/\/entreterreetcielgannat.fr\/wp-content\/uploads\/2025\/03\/menu-la-roue-03-2025-002-scaled.jpg","contentUrl":"https:\/\/entreterreetcielgannat.fr\/wp-content\/uploads\/2025\/03\/menu-la-roue-03-2025-002-scaled.jpg","width":1792,"height":2560},{"@type":"BreadcrumbList","@id":"https:\/\/entreterreetcielgannat.fr\/index.php\/2025\/03\/31\/repas-club-au-resto-la-roue-le-22-mars-25\/#breadcrumb","itemListElement":[{"@type":"ListItem","position":1,"name":"Accueil","item":"https:\/\/entreterreetcielgannat.fr\/"},{"@type":"ListItem","position":2,"name":"Repas Club au Resto La ROU\u00c9 le 22 mars 25"}]},{"@type":"WebSite","@id":"https:\/\/entreterreetcielgannat.fr\/#website","url":"https:\/\/entreterreetcielgannat.fr\/","name":"entreterreetcielgannat.fr","description":"Pratique du Qi Gong et du Tai Chi pour un mieux \u00eatre","publisher":{"@id":"https:\/\/entreterreetcielgannat.fr\/#organization"},"potentialAction":[{"@type":"SearchAction","target":{"@type":"EntryPoint","urlTemplate":"https:\/\/entreterreetcielgannat.fr\/?s={search_term_string}"},"query-input":{"@type":"PropertyValueSpecification","valueRequired":true,"valueName":"search_term_string"}}],"inLanguage":"fr-FR"},{"@type":"Organization","@id":"https:\/\/entreterreetcielgannat.fr\/#organization","name":"Entre terre et ciel","url":"https:\/\/entreterreetcielgannat.fr\/","logo":{"@type":"ImageObject","inLanguage":"fr-FR","@id":"https:\/\/entreterreetcielgannat.fr\/#\/schema\/logo\/image\/","url":"http:\/\/entreterreetcielgannat.fr\/wp-content\/uploads\/2023\/09\/Capture-decran-2023-09-16-a-16.53.19.png","contentUrl":"http:\/\/entreterreetcielgannat.fr\/wp-content\/uploads\/2023\/09\/Capture-decran-2023-09-16-a-16.53.19.png","width":418,"height":358,"caption":"Entre terre et ciel"},"image":{"@id":"https:\/\/entreterreetcielgannat.fr\/#\/schema\/logo\/image\/"}},{"@type":"Person","@id":"https:\/\/entreterreetcielgannat.fr\/#\/schema\/person\/a71d4afe3ce1a63f5c51b25812ea783a","name":"admin9438","image":{"@type":"ImageObject","inLanguage":"fr-FR","@id":"https:\/\/secure.gravatar.com\/avatar\/b3fbfc9bb359e5f448399d72b80d5cc3496c995941877b8fba76ff9b7e5b1f1c?s=96&d=mm&r=g","url":"https:\/\/secure.gravatar.com\/avatar\/b3fbfc9bb359e5f448399d72b80d5cc3496c995941877b8fba76ff9b7e5b1f1c?s=96&d=mm&r=g","contentUrl":"https:\/\/secure.gravatar.com\/avatar\/b3fbfc9bb359e5f448399d72b80d5cc3496c995941877b8fba76ff9b7e5b1f1c?s=96&d=mm&r=g","caption":"admin9438"},"sameAs":["http:\/\/entreterreetcielgannat.fr"],"url":"https:\/\/entreterreetcielgannat.fr\/index.php\/author\/admin9438\/"}]}},"_links":{"self":[{"href":"https:\/\/entreterreetcielgannat.fr\/index.php\/wp-json\/wp\/v2\/posts\/487","targetHints":{"allow":["GET"]}}],"collection":[{"href":"https:\/\/entreterreetcielgannat.fr\/index.php\/wp-json\/wp\/v2\/posts"}],"about":[{"href":"https:\/\/entreterreetcielgannat.fr\/index.php\/wp-json\/wp\/v2\/types\/post"}],"author":[{"embeddable":true,"href":"https:\/\/entreterreetcielgannat.fr\/index.php\/wp-json\/wp\/v2\/users\/1"}],"replies":[{"embeddable":true,"href":"https:\/\/entreterreetcielgannat.fr\/index.php\/wp-json\/wp\/v2\/comments?post=487"}],"version-history":[{"count":1,"href":"https:\/\/entreterreetcielgannat.fr\/index.php\/wp-json\/wp\/v2\/posts\/487\/revisions"}],"predecessor-version":[{"id":498,"href":"https:\/\/entreterreetcielgannat.fr\/index.php\/wp-json\/wp\/v2\/posts\/487\/revisions\/498"}],"wp:attachment":[{"href":"https:\/\/entreterreetcielgannat.fr\/index.php\/wp-json\/wp\/v2\/media?parent=487"}],"wp:term":[{"taxonomy":"category","embeddable":true,"href":"https:\/\/entreterreetcielgannat.fr\/index.php\/wp-json\/wp\/v2\/categories?post=487"},{"taxonomy":"post_tag","embeddable":true,"href":"https:\/\/entreterreetcielgannat.fr\/index.php\/wp-json\/wp\/v2\/tags?post=487"}],"curies":[{"name":"wp","href":"https:\/\/api.w.org\/{rel}","templated":true}]}}